{"id":28608,"date":"2026-09-04T13:58:46","date_gmt":"2026-09-04T11:58:46","guid":{"rendered":"https:\/\/www.le-montagnard.com\/?p=28608"},"modified":"2026-09-04T13:58:50","modified_gmt":"2026-09-04T11:58:50","slug":"fin-saison-ete-le-montagnard","status":"publish","type":"post","link":"https:\/\/www.le-montagnard.com\/en\/fin-saison-ete-le-montagnard\/","title":{"rendered":"End of the summer season at Le Montagnard!"},"content":{"rendered":"<p>Merci pour cet \u00e9t\u00e9 et rendez-vous cet hiver !<\/p>\n\n\n\n<p>Apr\u00e8s une belle saison estivale, Le Montagnard a ferm\u00e9 ses portes le dimanche 30 ao\u00fbt apr\u00e8s le service du midi.<\/p>\n\n\n\n<p>Tout au long de l\u2019\u00e9t\u00e9, nous avons eu le plaisir d\u2019accueillir de nombreux clients, habitu\u00e9s, vacanciers et visiteurs de passage \u00e0 <a href=\"https:\/\/st-martin-belleville.com\/en\/\">Saint-Martin-de-Belleville<\/a>. D\u00e9jeuners en terrasse, soir\u00e9es gourmandes, moments en famille ou entre amis\u2026 cette saison a une nouvelle fois \u00e9t\u00e9 riche en belles rencontres et en souvenirs.<\/p>\n\n\n\n<p>Nous souhaitons remercier chaleureusement toutes les personnes qui sont venues partager un moment autour de notre table cet \u00e9t\u00e9, ainsi que celles qui nous suivent et reviennent nous voir ann\u00e9e apr\u00e8s ann\u00e9e.<\/p>\n\n\n\n<p>Un grand merci \u00e9galement \u00e0 toute notre \u00e9quipe pour son investissement et son \u00e9nergie tout au long de la saison !<\/p>\n\n\n\n<h2 class=\"wp-block-heading\">Le Montagnard ferme pour quelques semaines<\/h2>\n\n\n\n<p>Le restaurant est d\u00e9sormais ferm\u00e9 pour l\u2019intersaison. Cette p\u00e9riode va permettre \u00e0 notre \u00e9quipe de prendre un peu de repos, mais aussi de commencer \u00e0 pr\u00e9parer la prochaine saison.<\/p>\n\n\n\n<p>Nous r\u00e9fl\u00e9chissons d\u00e9j\u00e0 \u00e0 l\u2019hiver et \u00e0 ce que nous aurons plaisir \u00e0 vous proposer pour cette nouvelle saison. Notre future carte hivernale est encore en pr\u00e9paration et nous vous d\u00e9voilerons prochainement les nouveaut\u00e9s imagin\u00e9es pour votre retour au Montagnard.<\/p>\n\n\n\n<h2 class=\"wp-block-heading\">Rendez-vous \u00e0 partir du 4 d\u00e9cembre<\/h2>\n\n\n\n<p>Nous aurons le plaisir de vous retrouver \u00e0 partir du <strong>4 d\u00e9cembre 2026<\/strong>, pour le retour de la saison hivernale et du service du soir.<\/p>\n\n\n\n<p>En attendant, nous vous donnons rendez-vous sur nos r\u00e9seaux sociaux pour suivre les prochaines actualit\u00e9s du restaurant et d\u00e9couvrir, au fil des prochaines semaines, ce que nous vous pr\u00e9parons pour l\u2019hiver.<\/p>\n\n\n\n<p>Encore un immense merci pour cette belle saison estivale et \u00e0 tr\u00e8s bient\u00f4t au Montagnard, au c\u0153ur de Saint-Martin-de-Belleville !<\/p>\n\n\n\n<p><strong>L\u2019\u00e9quipe du Montagnard<\/strong><\/p>\n\n\n\n<figure class=\"wp-block-gallery has-nested-images columns-default is-cropped wp-block-gallery-1 is-layout-flex wp-block-gallery-is-layout-flex\">\n<figure class=\"wp-block-image size-large\"><img fetchpriority=\"high\" decoding=\"async\" width=\"1024\" height=\"687\" data-id=\"28610\" src=\"https:\/\/www.le-montagnard.com\/wp-content\/uploads\/2026\/09\/22072026-LeMontagnard_Ete2026-86-1024x687.jpg\" alt=\"\" class=\"wp-image-28610\" srcset=\"https:\/\/www.le-montagnard.com\/wp-content\/uploads\/2026\/09\/22072026-LeMontagnard_Ete2026-86-1024x687.jpg 1024w, https:\/\/www.le-montagnard.com\/wp-content\/uploads\/2026\/09\/22072026-LeMontagnard_Ete2026-86-300x201.jpg 300w, https:\/\/www.le-montagnard.com\/wp-content\/uploads\/2026\/09\/22072026-LeMontagnard_Ete2026-86-768x515.jpg 768w, https:\/\/www.le-montagnard.com\/wp-content\/uploads\/2026\/09\/22072026-LeMontagnard_Ete2026-86-18x12.jpg 18w, https:\/\/www.le-montagnard.com\/wp-content\/uploads\/2026\/09\/22072026-LeMontagnard_Ete2026-86.jpg 1500w\" sizes=\"(max-width: 1024px) 100vw, 1024px\" \/><\/figure>\n\n\n\n<figure class=\"wp-block-image size-large\"><img decoding=\"async\" width=\"683\" height=\"1024\" data-id=\"28611\" src=\"https:\/\/www.le-montagnard.com\/wp-content\/uploads\/2026\/09\/22072026-LeMontagnard_Ete2026-67-683x1024.jpg\" alt=\"\" class=\"wp-image-28611\" srcset=\"https:\/\/www.le-montagnard.com\/wp-content\/uploads\/2026\/09\/22072026-LeMontagnard_Ete2026-67-683x1024.jpg 683w, https:\/\/www.le-montagnard.com\/wp-content\/uploads\/2026\/09\/22072026-LeMontagnard_Ete2026-67-200x300.jpg 200w, https:\/\/www.le-montagnard.com\/wp-content\/uploads\/2026\/09\/22072026-LeMontagnard_Ete2026-67-768x1152.jpg 768w, https:\/\/www.le-montagnard.com\/wp-content\/uploads\/2026\/09\/22072026-LeMontagnard_Ete2026-67-8x12.jpg 8w, https:\/\/www.le-montagnard.com\/wp-content\/uploads\/2026\/09\/22072026-LeMontagnard_Ete2026-67.jpg 1000w\" sizes=\"(max-width: 683px) 100vw, 683px\" \/><\/figure>\n\n\n\n<figure class=\"wp-block-image size-large\"><img decoding=\"async\" width=\"680\" height=\"1024\" data-id=\"28165\" src=\"https:\/\/www.le-montagnard.com\/wp-content\/uploads\/2026\/07\/22072026-LeMontagnard_Ete2026-21-680x1024.jpg\" alt=\"\" class=\"wp-image-28165\" srcset=\"https:\/\/www.le-montagnard.com\/wp-content\/uploads\/2026\/07\/22072026-LeMontagnard_Ete2026-21-680x1024.jpg 680w, https:\/\/www.le-montagnard.com\/wp-content\/uploads\/2026\/07\/22072026-LeMontagnard_Ete2026-21-199x300.jpg 199w, https:\/\/www.le-montagnard.com\/wp-content\/uploads\/2026\/07\/22072026-LeMontagnard_Ete2026-21-scaled.jpg 997w\" sizes=\"(max-width: 680px) 100vw, 680px\" \/><\/figure>\n\n\n\n<figure class=\"wp-block-image size-large\"><img loading=\"lazy\" decoding=\"async\" width=\"640\" height=\"1024\" data-id=\"28612\" src=\"https:\/\/www.le-montagnard.com\/wp-content\/uploads\/2026\/09\/22072026-LeMontagnard_Ete2026-50-640x1024.jpg\" alt=\"\" class=\"wp-image-28612\" srcset=\"https:\/\/www.le-montagnard.com\/wp-content\/uploads\/2026\/09\/22072026-LeMontagnard_Ete2026-50-640x1024.jpg 640w, https:\/\/www.le-montagnard.com\/wp-content\/uploads\/2026\/09\/22072026-LeMontagnard_Ete2026-50-187x300.jpg 187w, https:\/\/www.le-montagnard.com\/wp-content\/uploads\/2026\/09\/22072026-LeMontagnard_Ete2026-50-768x1229.jpg 768w, https:\/\/www.le-montagnard.com\/wp-content\/uploads\/2026\/09\/22072026-LeMontagnard_Ete2026-50-7x12.jpg 7w, https:\/\/www.le-montagnard.com\/wp-content\/uploads\/2026\/09\/22072026-LeMontagnard_Ete2026-50.jpg 937w\" sizes=\"(max-width: 640px) 100vw, 640px\" \/><\/figure>\n\n\n\n<figure class=\"wp-block-image size-large\"><img loading=\"lazy\" decoding=\"async\" width=\"683\" height=\"1024\" data-id=\"28609\" src=\"https:\/\/www.le-montagnard.com\/wp-content\/uploads\/2026\/09\/22072026-LeMontagnard_Ete2026-47-683x1024.jpg\" alt=\"\" class=\"wp-image-28609\" srcset=\"https:\/\/www.le-montagnard.com\/wp-content\/uploads\/2026\/09\/22072026-LeMontagnard_Ete2026-47-683x1024.jpg 683w, https:\/\/www.le-montagnard.com\/wp-content\/uploads\/2026\/09\/22072026-LeMontagnard_Ete2026-47-200x300.jpg 200w, https:\/\/www.le-montagnard.com\/wp-content\/uploads\/2026\/09\/22072026-LeMontagnard_Ete2026-47-768x1152.jpg 768w, https:\/\/www.le-montagnard.com\/wp-content\/uploads\/2026\/09\/22072026-LeMontagnard_Ete2026-47-8x12.jpg 8w, https:\/\/www.le-montagnard.com\/wp-content\/uploads\/2026\/09\/22072026-LeMontagnard_Ete2026-47.jpg 1000w\" sizes=\"(max-width: 683px) 100vw, 683px\" \/><\/figure>\n<\/figure>\n\n\n\n<p><\/p>\n\n\n\n<p><\/p>\n\n\n\n<p><\/p>\n\n\n\n<p><\/p>\n\n\n\n<p><\/p>","protected":false},"excerpt":{"rendered":"<p>Merci pour cet \u00e9t\u00e9 et rendez-vous cet hiver ! Apr\u00e8s une belle saison estivale, Le Montagnard a ferm\u00e9 ses portes le dimanche 30 ao\u00fbt apr\u00e8s le service du midi. Tout au long de l\u2019\u00e9t\u00e9, nous avons eu le plaisir d\u2019accueillir de nombreux clients, habitu\u00e9s, vacanciers et visiteurs de passage \u00e0 Saint-Martin-de-Belleville. D\u00e9jeuners en terrasse, soir\u00e9es [&hellip;]<\/p>\n","protected":false},"author":6,"featured_media":28160,"comment_status":"closed","ping_status":"closed","sticky":false,"template":"","format":"standard","meta":{"footnotes":""},"categories":[47],"tags":[72,57,76],"class_list":["post-28608","post","type-post","status-publish","format-standard","has-post-thumbnail","hentry","category-l-equipe","tag-actualite","tag-restaurant","tag-terrasse"],"yoast_head":"<!-- This site is optimized with the Yoast SEO plugin v28.4 - https:\/\/yoast.com\/product\/yoast-seo-wordpress\/ -->\n<title>Le Montagnard - Fin de saison estivale au Montagnard !<\/title>\n<meta name=\"description\" content=\"Apr\u00e8s une belle saison estivale, Le Montagnard ferme ses portes pour quelques semaines. Rendez-vous d\u00e8s le 4 d\u00e9cembre pour la saison d\u2019hiver !\" \/>\n<meta name=\"robots\" content=\"index, follow, max-snippet:-1, max-image-preview:large, max-video-preview:-1\" \/>\n<link rel=\"canonical\" href=\"https:\/\/www.le-montagnard.com\/en\/fin-saison-ete-le-montagnard\/\" \/>\n<meta property=\"og:locale\" content=\"en_GB\" \/>\n<meta property=\"og:type\" content=\"article\" \/>\n<meta property=\"og:title\" content=\"Le Montagnard - Fin de saison estivale au Montagnard !\" \/>\n<meta property=\"og:description\" content=\"Apr\u00e8s une belle saison estivale, Le Montagnard ferme ses portes pour quelques semaines. Rendez-vous d\u00e8s le 4 d\u00e9cembre pour la saison d\u2019hiver !\" \/>\n<meta property=\"og:url\" content=\"https:\/\/www.le-montagnard.com\/en\/fin-saison-ete-le-montagnard\/\" \/>\n<meta property=\"og:site_name\" content=\"Le Montagnard\" \/>\n<meta property=\"article:published_time\" content=\"2026-09-04T11:58:46+00:00\" \/>\n<meta property=\"article:modified_time\" content=\"2026-09-04T11:58:50+00:00\" \/>\n<meta property=\"og:image\" content=\"https:\/\/www.le-montagnard.com\/wp-content\/uploads\/2026\/07\/22072026-LeMontagnard_Ete2026-47-scaled.jpg\" \/>\n\t<meta property=\"og:image:width\" content=\"1000\" \/>\n\t<meta property=\"og:image:height\" content=\"1500\" \/>\n\t<meta property=\"og:image:type\" content=\"image\/jpeg\" \/>\n<meta name=\"author\" content=\"Lucie Suchet\" \/>\n<meta name=\"twitter:card\" content=\"summary_large_image\" \/>\n<meta name=\"twitter:label1\" content=\"Written by\" \/>\n\t<meta name=\"twitter:data1\" content=\"Lucie Suchet\" \/>\n\t<meta name=\"twitter:label2\" content=\"Estimated reading time\" \/>\n\t<meta name=\"twitter:data2\" content=\"3 minutes\" \/>\n<script type=\"application\/ld+json\" class=\"yoast-schema-graph\">{\"@context\":\"https:\\\/\\\/schema.org\",\"@graph\":[{\"@type\":\"Article\",\"@id\":\"https:\\\/\\\/www.le-montagnard.com\\\/fin-saison-ete-le-montagnard\\\/#article\",\"isPartOf\":{\"@id\":\"https:\\\/\\\/www.le-montagnard.com\\\/fin-saison-ete-le-montagnard\\\/\"},\"author\":{\"name\":\"Lucie Suchet\",\"@id\":\"https:\\\/\\\/www.le-montagnard.com\\\/#\\\/schema\\\/person\\\/6103cbcfd081e96cccd752f39b1c6667\"},\"headline\":\"Fin de saison estivale au Montagnard !\",\"datePublished\":\"2026-09-04T11:58:46+00:00\",\"dateModified\":\"2026-09-04T11:58:50+00:00\",\"mainEntityOfPage\":{\"@id\":\"https:\\\/\\\/www.le-montagnard.com\\\/fin-saison-ete-le-montagnard\\\/\"},\"wordCount\":312,\"image\":{\"@id\":\"https:\\\/\\\/www.le-montagnard.com\\\/fin-saison-ete-le-montagnard\\\/#primaryimage\"},\"thumbnailUrl\":\"https:\\\/\\\/www.le-montagnard.com\\\/wp-content\\\/uploads\\\/2026\\\/07\\\/22072026-LeMontagnard_Ete2026-47-scaled.jpg\",\"keywords\":[\"Actualit\u00e9\",\"Restaurant\",\"terrasse\"],\"articleSection\":[\"La vie de l'\u00e9quipe\"],\"inLanguage\":\"en-GB\"},{\"@type\":\"WebPage\",\"@id\":\"https:\\\/\\\/www.le-montagnard.com\\\/fin-saison-ete-le-montagnard\\\/\",\"url\":\"https:\\\/\\\/www.le-montagnard.com\\\/fin-saison-ete-le-montagnard\\\/\",\"name\":\"Le Montagnard - Fin de saison estivale au Montagnard !\",\"isPartOf\":{\"@id\":\"https:\\\/\\\/www.le-montagnard.com\\\/#website\"},\"primaryImageOfPage\":{\"@id\":\"https:\\\/\\\/www.le-montagnard.com\\\/fin-saison-ete-le-montagnard\\\/#primaryimage\"},\"image\":{\"@id\":\"https:\\\/\\\/www.le-montagnard.com\\\/fin-saison-ete-le-montagnard\\\/#primaryimage\"},\"thumbnailUrl\":\"https:\\\/\\\/www.le-montagnard.com\\\/wp-content\\\/uploads\\\/2026\\\/07\\\/22072026-LeMontagnard_Ete2026-47-scaled.jpg\",\"datePublished\":\"2026-09-04T11:58:46+00:00\",\"dateModified\":\"2026-09-04T11:58:50+00:00\",\"author\":{\"@id\":\"https:\\\/\\\/www.le-montagnard.com\\\/#\\\/schema\\\/person\\\/6103cbcfd081e96cccd752f39b1c6667\"},\"description\":\"Apr\u00e8s une belle saison estivale, Le Montagnard ferme ses portes pour quelques semaines. Rendez-vous d\u00e8s le 4 d\u00e9cembre pour la saison d\u2019hiver !\",\"breadcrumb\":{\"@id\":\"https:\\\/\\\/www.le-montagnard.com\\\/fin-saison-ete-le-montagnard\\\/#breadcrumb\"},\"inLanguage\":\"en-GB\",\"potentialAction\":[{\"@type\":\"ReadAction\",\"target\":[\"https:\\\/\\\/www.le-montagnard.com\\\/fin-saison-ete-le-montagnard\\\/\"]}]},{\"@type\":\"ImageObject\",\"inLanguage\":\"en-GB\",\"@id\":\"https:\\\/\\\/www.le-montagnard.com\\\/fin-saison-ete-le-montagnard\\\/#primaryimage\",\"url\":\"https:\\\/\\\/www.le-montagnard.com\\\/wp-content\\\/uploads\\\/2026\\\/07\\\/22072026-LeMontagnard_Ete2026-47-scaled.jpg\",\"contentUrl\":\"https:\\\/\\\/www.le-montagnard.com\\\/wp-content\\\/uploads\\\/2026\\\/07\\\/22072026-LeMontagnard_Ete2026-47-scaled.jpg\",\"width\":1000,\"height\":1500},{\"@type\":\"BreadcrumbList\",\"@id\":\"https:\\\/\\\/www.le-montagnard.com\\\/fin-saison-ete-le-montagnard\\\/#breadcrumb\",\"itemListElement\":[{\"@type\":\"ListItem\",\"position\":1,\"name\":\"Accueil\",\"item\":\"https:\\\/\\\/www.le-montagnard.com\\\/\"},{\"@type\":\"ListItem\",\"position\":2,\"name\":\"Fin de saison estivale au Montagnard !\"}]},{\"@type\":\"WebSite\",\"@id\":\"https:\\\/\\\/www.le-montagnard.com\\\/#website\",\"url\":\"https:\\\/\\\/www.le-montagnard.com\\\/\",\"name\":\"Le Montagnard\",\"description\":\"Restaurant - Saint Martin de Belleville\",\"potentialAction\":[{\"@type\":\"SearchAction\",\"target\":{\"@type\":\"EntryPoint\",\"urlTemplate\":\"https:\\\/\\\/www.le-montagnard.com\\\/?s={search_term_string}\"},\"query-input\":{\"@type\":\"PropertyValueSpecification\",\"valueRequired\":true,\"valueName\":\"search_term_string\"}}],\"inLanguage\":\"en-GB\"},{\"@type\":\"Person\",\"@id\":\"https:\\\/\\\/www.le-montagnard.com\\\/#\\\/schema\\\/person\\\/6103cbcfd081e96cccd752f39b1c6667\",\"name\":\"Lucie Suchet\",\"image\":{\"@type\":\"ImageObject\",\"inLanguage\":\"en-GB\",\"@id\":\"https:\\\/\\\/secure.gravatar.com\\\/avatar\\\/743fd65f027967e194fad95aab0f8b7f1f16f50be82f1e237f6e613d9e448cee?s=96&d=mm&r=g\",\"url\":\"https:\\\/\\\/secure.gravatar.com\\\/avatar\\\/743fd65f027967e194fad95aab0f8b7f1f16f50be82f1e237f6e613d9e448cee?s=96&d=mm&r=g\",\"contentUrl\":\"https:\\\/\\\/secure.gravatar.com\\\/avatar\\\/743fd65f027967e194fad95aab0f8b7f1f16f50be82f1e237f6e613d9e448cee?s=96&d=mm&r=g\",\"caption\":\"Lucie Suchet\"}}]}<\/script>\n<!-- \/ Yoast SEO plugin. -->","yoast_head_json":{"title":"Le Montagnard - Fin de saison estivale au Montagnard !","description":"Apr\u00e8s une belle saison estivale, Le Montagnard ferme ses portes pour quelques semaines. Rendez-vous d\u00e8s le 4 d\u00e9cembre pour la saison d\u2019hiver !","robots":{"index":"index","follow":"follow","max-snippet":"max-snippet:-1","max-image-preview":"max-image-preview:large","max-video-preview":"max-video-preview:-1"},"canonical":"https:\/\/www.le-montagnard.com\/en\/fin-saison-ete-le-montagnard\/","og_locale":"en_GB","og_type":"article","og_title":"Le Montagnard - Fin de saison estivale au Montagnard !","og_description":"Apr\u00e8s une belle saison estivale, Le Montagnard ferme ses portes pour quelques semaines. Rendez-vous d\u00e8s le 4 d\u00e9cembre pour la saison d\u2019hiver !","og_url":"https:\/\/www.le-montagnard.com\/en\/fin-saison-ete-le-montagnard\/","og_site_name":"Le Montagnard","article_published_time":"2026-09-04T11:58:46+00:00","article_modified_time":"2026-09-04T11:58:50+00:00","og_image":[{"width":1000,"height":1500,"url":"https:\/\/www.le-montagnard.com\/wp-content\/uploads\/2026\/07\/22072026-LeMontagnard_Ete2026-47-scaled.jpg","type":"image\/jpeg"}],"author":"Lucie Suchet","twitter_card":"summary_large_image","twitter_misc":{"Written by":"Lucie Suchet","Estimated reading time":"3 minutes"},"schema":{"@context":"https:\/\/schema.org","@graph":[{"@type":"Article","@id":"https:\/\/www.le-montagnard.com\/fin-saison-ete-le-montagnard\/#article","isPartOf":{"@id":"https:\/\/www.le-montagnard.com\/fin-saison-ete-le-montagnard\/"},"author":{"name":"Lucie Suchet","@id":"https:\/\/www.le-montagnard.com\/#\/schema\/person\/6103cbcfd081e96cccd752f39b1c6667"},"headline":"Fin de saison estivale au Montagnard !","datePublished":"2026-09-04T11:58:46+00:00","dateModified":"2026-09-04T11:58:50+00:00","mainEntityOfPage":{"@id":"https:\/\/www.le-montagnard.com\/fin-saison-ete-le-montagnard\/"},"wordCount":312,"image":{"@id":"https:\/\/www.le-montagnard.com\/fin-saison-ete-le-montagnard\/#primaryimage"},"thumbnailUrl":"https:\/\/www.le-montagnard.com\/wp-content\/uploads\/2026\/07\/22072026-LeMontagnard_Ete2026-47-scaled.jpg","keywords":["Actualit\u00e9","Restaurant","terrasse"],"articleSection":["La vie de l'\u00e9quipe"],"inLanguage":"en-GB"},{"@type":"WebPage","@id":"https:\/\/www.le-montagnard.com\/fin-saison-ete-le-montagnard\/","url":"https:\/\/www.le-montagnard.com\/fin-saison-ete-le-montagnard\/","name":"Le Montagnard - Fin de saison estivale au Montagnard !","isPartOf":{"@id":"https:\/\/www.le-montagnard.com\/#website"},"primaryImageOfPage":{"@id":"https:\/\/www.le-montagnard.com\/fin-saison-ete-le-montagnard\/#primaryimage"},"image":{"@id":"https:\/\/www.le-montagnard.com\/fin-saison-ete-le-montagnard\/#primaryimage"},"thumbnailUrl":"https:\/\/www.le-montagnard.com\/wp-content\/uploads\/2026\/07\/22072026-LeMontagnard_Ete2026-47-scaled.jpg","datePublished":"2026-09-04T11:58:46+00:00","dateModified":"2026-09-04T11:58:50+00:00","author":{"@id":"https:\/\/www.le-montagnard.com\/#\/schema\/person\/6103cbcfd081e96cccd752f39b1c6667"},"description":"Apr\u00e8s une belle saison estivale, Le Montagnard ferme ses portes pour quelques semaines. Rendez-vous d\u00e8s le 4 d\u00e9cembre pour la saison d\u2019hiver !","breadcrumb":{"@id":"https:\/\/www.le-montagnard.com\/fin-saison-ete-le-montagnard\/#breadcrumb"},"inLanguage":"en-GB","potentialAction":[{"@type":"ReadAction","target":["https:\/\/www.le-montagnard.com\/fin-saison-ete-le-montagnard\/"]}]},{"@type":"ImageObject","inLanguage":"en-GB","@id":"https:\/\/www.le-montagnard.com\/fin-saison-ete-le-montagnard\/#primaryimage","url":"https:\/\/www.le-montagnard.com\/wp-content\/uploads\/2026\/07\/22072026-LeMontagnard_Ete2026-47-scaled.jpg","contentUrl":"https:\/\/www.le-montagnard.com\/wp-content\/uploads\/2026\/07\/22072026-LeMontagnard_Ete2026-47-scaled.jpg","width":1000,"height":1500},{"@type":"BreadcrumbList","@id":"https:\/\/www.le-montagnard.com\/fin-saison-ete-le-montagnard\/#breadcrumb","itemListElement":[{"@type":"ListItem","position":1,"name":"Accueil","item":"https:\/\/www.le-montagnard.com\/"},{"@type":"ListItem","position":2,"name":"Fin de saison estivale au Montagnard !"}]},{"@type":"WebSite","@id":"https:\/\/www.le-montagnard.com\/#website","url":"https:\/\/www.le-montagnard.com\/","name":"Le Montagnard restaurant","description":"Restaurant - Saint Martin de Belleville","potentialAction":[{"@type":"SearchAction","target":{"@type":"EntryPoint","urlTemplate":"https:\/\/www.le-montagnard.com\/?s={search_term_string}"},"query-input":{"@type":"PropertyValueSpecification","valueRequired":true,"valueName":"search_term_string"}}],"inLanguage":"en-GB"},{"@type":"Person","@id":"https:\/\/www.le-montagnard.com\/#\/schema\/person\/6103cbcfd081e96cccd752f39b1c6667","name":"Lucie Suchet","image":{"@type":"ImageObject","inLanguage":"en-GB","@id":"https:\/\/secure.gravatar.com\/avatar\/743fd65f027967e194fad95aab0f8b7f1f16f50be82f1e237f6e613d9e448cee?s=96&d=mm&r=g","url":"https:\/\/secure.gravatar.com\/avatar\/743fd65f027967e194fad95aab0f8b7f1f16f50be82f1e237f6e613d9e448cee?s=96&d=mm&r=g","contentUrl":"https:\/\/secure.gravatar.com\/avatar\/743fd65f027967e194fad95aab0f8b7f1f16f50be82f1e237f6e613d9e448cee?s=96&d=mm&r=g","caption":"Lucie Suchet"}}]}},"_links":{"self":[{"href":"https:\/\/www.le-montagnard.com\/en\/wp-json\/wp\/v2\/posts\/28608","targetHints":{"allow":["GET"]}}],"collection":[{"href":"https:\/\/www.le-montagnard.com\/en\/wp-json\/wp\/v2\/posts"}],"about":[{"href":"https:\/\/www.le-montagnard.com\/en\/wp-json\/wp\/v2\/types\/post"}],"author":[{"embeddable":true,"href":"https:\/\/www.le-montagnard.com\/en\/wp-json\/wp\/v2\/users\/6"}],"replies":[{"embeddable":true,"href":"https:\/\/www.le-montagnard.com\/en\/wp-json\/wp\/v2\/comments?post=28608"}],"version-history":[{"count":1,"href":"https:\/\/www.le-montagnard.com\/en\/wp-json\/wp\/v2\/posts\/28608\/revisions"}],"predecessor-version":[{"id":28614,"href":"https:\/\/www.le-montagnard.com\/en\/wp-json\/wp\/v2\/posts\/28608\/revisions\/28614"}],"wp:featuredmedia":[{"embeddable":true,"href":"https:\/\/www.le-montagnard.com\/en\/wp-json\/wp\/v2\/media\/28160"}],"wp:attachment":[{"href":"https:\/\/www.le-montagnard.com\/en\/wp-json\/wp\/v2\/media?parent=28608"}],"wp:term":[{"taxonomy":"category","embeddable":true,"href":"https:\/\/www.le-montagnard.com\/en\/wp-json\/wp\/v2\/categories?post=28608"},{"taxonomy":"post_tag","embeddable":true,"href":"https:\/\/www.le-montagnard.com\/en\/wp-json\/wp\/v2\/tags?post=28608"}],"curies":[{"name":"wp","href":"https:\/\/api.w.org\/{rel}","templated":true}]}}